{"id":13496,"date":"2022-12-14T18:43:08","date_gmt":"2022-12-14T21:43:08","guid":{"rendered":"https:\/\/dev-blogs.gazetaesportiva.com\/albertohelena\/?p=13496"},"modified":"2022-12-14T19:48:21","modified_gmt":"2022-12-14T22:48:21","slug":"deu-franca-mas-o-marrocos","status":"publish","type":"post","link":"https:\/\/dev-blogs.gazetaesportiva.com\/albertohelena\/2022\/12\/14\/deu-franca-mas-o-marrocos\/","title":{"rendered":"Deu Fran\u00e7a. Mas, o Marrocos&#8230;"},"content":{"rendered":"<figure id=\"attachment_13497\" aria-describedby=\"caption-attachment-13497\" style=\"width: 2500px\" class=\"wp-caption alignnone\"><a href=\"http:\/\/dev-blogs.gazetaesportiva.com\/albertohelena\/files\/2022\/12\/000_333W9UX.jpg\"><img loading=\"lazy\" decoding=\"async\" data-attachment-id=\"13497\" data-permalink=\"https:\/\/dev-blogs.gazetaesportiva.com\/albertohelena\/2022\/12\/14\/deu-franca-mas-o-marrocos\/fbl-wc-2022-match62-fra-mar\/\" data-orig-file=\"https:\/\/dev-blogs.gazetaesportiva.com\/albertohelena\/files\/2022\/12\/000_333W9UX.jpg\" data-orig-size=\"2500,1668\" data-comments-opened=\"1\" data-image-meta=\"{&quot;aperture&quot;:&quot;0&quot;,&quot;credit&quot;:&quot;AFP&quot;,&quot;camera&quot;:&quot;&quot;,&quot;caption&quot;:&quot;Morocco&#039;s defender #02 Achraf Hakimi looks on after his team&#039;s defeat in the Qatar 2022 World Cup semi-final football match between France and Morocco at the Al-Bayt Stadium in Al Khor, north of Doha on December 14, 2022. (Photo by KARIM JAAFAR \\\/ AFP)&quot;,&quot;created_timestamp&quot;:&quot;1671051564&quot;,&quot;copyright&quot;:&quot;AFP or licensors&quot;,&quot;focal_length&quot;:&quot;0&quot;,&quot;iso&quot;:&quot;0&quot;,&quot;shutter_speed&quot;:&quot;0&quot;,&quot;title&quot;:&quot;FBL-WC-2022-MATCH62-FRA-MAR&quot;,&quot;orientation&quot;:&quot;0&quot;}\" data-image-title=\"FBL-WC-2022-MATCH62-FRA-MAR\" data-image-description=\"\" data-image-caption=\"&lt;p&gt;Hakimi veste camisa do amigo Mbapp\u00e9 (Foto: AFP\/Karim Jaafar)&lt;\/p&gt;\n\" data-medium-file=\"https:\/\/dev-blogs.gazetaesportiva.com\/albertohelena\/files\/2022\/12\/000_333W9UX-300x200.jpg\" data-large-file=\"https:\/\/dev-blogs.gazetaesportiva.com\/albertohelena\/files\/2022\/12\/000_333W9UX-1024x683.jpg\" class=\"wp-image-13497 size-full\" src=\"http:\/\/dev-blogs.gazetaesportiva.com\/albertohelena\/files\/2022\/12\/000_333W9UX.jpg\" alt=\"\" width=\"2500\" height=\"1668\" srcset=\"https:\/\/dev-blogs.gazetaesportiva.com\/albertohelena\/files\/2022\/12\/000_333W9UX.jpg 2500w, https:\/\/dev-blogs.gazetaesportiva.com\/albertohelena\/files\/2022\/12\/000_333W9UX-300x200.jpg 300w, https:\/\/dev-blogs.gazetaesportiva.com\/albertohelena\/files\/2022\/12\/000_333W9UX-1024x683.jpg 1024w, https:\/\/dev-blogs.gazetaesportiva.com\/albertohelena\/files\/2022\/12\/000_333W9UX-768x512.jpg 768w, https:\/\/dev-blogs.gazetaesportiva.com\/albertohelena\/files\/2022\/12\/000_333W9UX-1536x1025.jpg 1536w, https:\/\/dev-blogs.gazetaesportiva.com\/albertohelena\/files\/2022\/12\/000_333W9UX-2048x1366.jpg 2048w, https:\/\/dev-blogs.gazetaesportiva.com\/albertohelena\/files\/2022\/12\/000_333W9UX-120x80.jpg 120w\" sizes=\"auto, (max-width: 2500px) 100vw, 2500px\" \/><\/a><figcaption id=\"caption-attachment-13497\" class=\"wp-caption-text\">Hakimi veste camisa do amigo Mbapp\u00e9 (Foto: AFP\/Karim Jaafar)<\/figcaption><\/figure>\n<p>Venceu o favorito &#8211; a Fran\u00e7a, atual campe\u00e3 do mundo que pode diante da Argentina se transformar no terceiro time na hist\u00f3ria das Copas a levantar o bi, duas conquistas subsequentes, a exemplo apenas de It\u00e1lia (34\/38) e Brasil (58\/62).<\/p>\n<p>Mas quem jogou bola foi o surpreendente Marrocos. Foi melhor do que a Fran\u00e7a em, pelo menos, tr\u00eas quartos da partida, marcando com denodo e tocando a bola com ci\u00eancia e profundidade. S\u00f3 parou na falta de pontaria e nas defesas providenciais de Lloris.<\/p>\n<p>E tal desempenho se deveu muito ao seu camisa 8, um armador aut\u00eantico, de toques refinados, passes exatos (n\u00e3o errou nenhum ao longo de toda a partida), movimentos elegantes e rara percep\u00e7\u00e3o dos espa\u00e7os imprevistos. Falo de Ounahi, que se destacou nesta Copa mais do que as estrelas da companhia ar\u00e1bica: Hakimi e Zyech.<\/p>\n<p>Mas, quem levou a melhor foi mesmo Mbapp\u00e9, que, apesar de bem marcado, conseguiu, no fim da partida, protagonizar um lance pessoal dentro da \u00e1rea inimiga que resultou no segundo gol franc\u00eas marcado por Kolo Mauni, que acabara de entrar no lugar de Demb\u00e9l\u00e9.<\/p>\n<p>Por falar em gol franc\u00eas, talvez o retraimento dos<em> bleus\u00a0<\/em>tenha sido provocado justamente pelo tento inicial, logo aos 5 minutos de bola rolando, quando Theo Hernandez mandou \u00e0s redes a bichinha que vagava incerta \u00e0 frente da meta marroquina.<\/p>\n<p>Pelo sim, pelo n\u00e3o, melhor tentar manter esse placar, devem ter pensado os franceses, o que acabou permitindo o claro dom\u00ednio dos \u00e1rabes africanos.<\/p>\n<p>De resto \u00e9 esperar pela decis\u00e3o entre Messi, caminhando estrelado para o final de carreira, e o jovem Mbapp\u00e9 j\u00e1 em plena ascens\u00e3o para as estrelas mais cintilantes nos c\u00e9us da bola.<\/p>\n<p>&nbsp;<\/p>\n<p>&nbsp;<\/p>\n<p>&nbsp;<\/p>\n<p>&nbsp;<\/p>\n","protected":false},"excerpt":{"rendered":"<p>Venceu o favorito &#8211; a Fran\u00e7a, atual campe\u00e3 do mundo que pode diante da Argentina se transformar no terceiro time na hist\u00f3ria das Copas a <a class=\"read-more\" href=\"https:\/\/dev-blogs.gazetaesportiva.com\/albertohelena\/2022\/12\/14\/deu-franca-mas-o-marrocos\/\">leia mais<\/a><\/p>\n","protected":false},"author":46,"featured_media":13497,"comment_status":"open","ping_status":"open","sticky":false,"template":"","format":"standard","meta":{"_jetpack_newsletter_access":"","_jetpack_dont_email_post_to_subs":false,"_jetpack_newsletter_tier_id":0,"_jetpack_memberships_contains_paywalled_content":false,"_jetpack_memberships_contains_paid_content":false,"footnotes":""},"categories":[1],"tags":[],"class_list":["post-13496","post","type-post","status-publish","format-standard","has-post-thumbnail","hentry","category-sem-categoria"],"jetpack_featured_media_url":"https:\/\/dev-blogs.gazetaesportiva.com\/albertohelena\/files\/2022\/12\/000_333W9UX.jpg","jetpack_sharing_enabled":true,"jetpack_shortlink":"https:\/\/wp.me\/pekB7q-3vG","_links":{"self":[{"href":"https:\/\/dev-blogs.gazetaesportiva.com\/albertohelena\/wp-json\/wp\/v2\/posts\/13496","targetHints":{"allow":["GET"]}}],"collection":[{"href":"https:\/\/dev-blogs.gazetaesportiva.com\/albertohelena\/wp-json\/wp\/v2\/posts"}],"about":[{"href":"https:\/\/dev-blogs.gazetaesportiva.com\/albertohelena\/wp-json\/wp\/v2\/types\/post"}],"author":[{"embeddable":true,"href":"https:\/\/dev-blogs.gazetaesportiva.com\/albertohelena\/wp-json\/wp\/v2\/users\/46"}],"replies":[{"embeddable":true,"href":"https:\/\/dev-blogs.gazetaesportiva.com\/albertohelena\/wp-json\/wp\/v2\/comments?post=13496"}],"version-history":[{"count":0,"href":"https:\/\/dev-blogs.gazetaesportiva.com\/albertohelena\/wp-json\/wp\/v2\/posts\/13496\/revisions"}],"wp:featuredmedia":[{"embeddable":true,"href":"https:\/\/dev-blogs.gazetaesportiva.com\/albertohelena\/wp-json\/wp\/v2\/media\/13497"}],"wp:attachment":[{"href":"https:\/\/dev-blogs.gazetaesportiva.com\/albertohelena\/wp-json\/wp\/v2\/media?parent=13496"}],"wp:term":[{"taxonomy":"category","embeddable":true,"href":"https:\/\/dev-blogs.gazetaesportiva.com\/albertohelena\/wp-json\/wp\/v2\/categories?post=13496"},{"taxonomy":"post_tag","embeddable":true,"href":"https:\/\/dev-blogs.gazetaesportiva.com\/albertohelena\/wp-json\/wp\/v2\/tags?post=13496"}],"curies":[{"name":"wp","href":"https:\/\/api.w.org\/{rel}","templated":true}]}}